{"id":107,"date":"2015-11-04T15:14:00","date_gmt":"2015-11-04T13:14:00","guid":{"rendered":"http:\/\/neuigkeitenportal.de\/?p=107"},"modified":"2022-05-30T21:22:10","modified_gmt":"2022-05-30T19:22:10","slug":"alternative-fr-deutschland-noch-nicht-tot","status":"publish","type":"post","link":"http:\/\/neuigkeitenportal.de\/?p=107","title":{"rendered":"Alternative f&uuml;r Deutschland noch nicht tot?"},"content":{"rendered":"<p>Zum ersten Mal habe ich volle Alternative f\u00fcr Deutschland geh\u00f6rt, als ich noch \u00fcber ein Fernsehger\u00e4t verf\u00fcgte. Ja, die Zeiten in denen ich noch ferngesehen habe waren voller Werbeunterbrechungen, die insbesondere zu Zeiten des Wahlkampfes voll waren mit politischen Werbespots. Dort hat nicht nur die SPD oder CDU ihre typisch langweiligen Werbesendungen pr\u00e4sentiert, sondern auch die damalige Randgruppenpartei die noch niemand kannte. Sie argumentierte f\u00fcr eine Deutsche Mark und gegen den Euro, das war schon die gesamte Aussage des Werbespots.<\/p>\n<p>Damals dachte ich noch, die Partei w\u00fcrde sp\u00e4testens dann verschwinden wenn die D-Mark verschwunden und der Euro eingef\u00fchrt war. Dies war allerdings falsch und f\u00fcr eine kurze Zeit hat die IAF die sich sogar salonf\u00e4hig gemacht und es zu einer mittelgro\u00dfen Partei geworden die zumindest mit der FDP mithalten kann. Haha, FDP sagen Sie jetzt und ich gebe Ihnen recht, mit den Liberalen verglichen zu werden macht ein noch lange nicht zu einer ernsthaften politischen Partei.<\/p>\n<p>Nun, wie dem auch sei, nachdem dann dieser ganze konfliktlosgebrochen war mit Best\u00e4nden von rechtsextremen Parteifl\u00fcgeln usw. und die Partei irgendwie auseinandergebrochen ist habe ich endg\u00fcltig gedacht, die Alternative f\u00fcr Deutschland m\u00fcsste doch langsam mal erkannt haben dass ihre Zeit abgelaufen ist. Weit gefehlt! Ganz pl\u00f6tzlich ist sie wieder da und liegt in den Umfragen sogar schon bei 5 % aller Stimmen in Deutschland. Ich habe es in der Zeitung gelesen neben einer Werbeanzeige, die da lautete: <a href=\"http:\/\/www.versteyl.de\/anwalt-arbeitsrecht-peine\/\">Rechtsanwalt Arbeitsrecht Peine<\/a>. Wie konnte es dazu kommen? Liegt es an der allgemeinen Politikverdrossenheit, vielleicht an der Unzufriedenheit mit der Europ\u00e4ischen Union und ihren vielen unsinnigen Reglementierungen?<\/p>\n<p>Vielleicht ist es auch die Ausl\u00e4nderfeindlichkeit, obwohl ich das nicht offen vorwerfen kann und will, selbst wenn es mit hoher Wahrscheinlichkeit ein mit bestimmender Faktor ist. So spekuliert zum Beispiel die aktuelle Presse dar\u00fcber, ob es zum Beispiel Horst Seehofer gewesen ist, der mit seinen ausl\u00e4nderfeindlichen Attacken gegen Angela Merkel und ihre Politik Fl\u00fcchtlinge ohne weiteres in deutschen aufzunehmen das Thema wieder in die Mitte der Bev\u00f6lkerung gebracht hat. Kann man jetzt wieder gegen Ausl\u00e4nder wettern? L\u00e4sst sich damit ein politisches Programm machen?<\/p>\n<p>Ich hoffe inst\u00e4ndig dass das ganze Problem sich bald verfl\u00fcchtigt, denn eigentlich m\u00f6chte doch niemand eine Partei deren \u00f6ffentliches Meinungsbild dadurch gepr\u00e4gt ist, dass sie eine Gegenmeinung zu aktuellen Themen ein nehmen ohne tats\u00e4chlich eigene Vorschl\u00e4ge aufzubieten.<\/p>\n","protected":false},"excerpt":{"rendered":"<p>Zum ersten Mal habe ich volle Alternative f\u00fcr Deutschland geh\u00f6rt, als ich noch \u00fcber ein Fernsehger\u00e4t verf\u00fcgte. Ja, die Zeiten in denen ich noch ferngesehen habe waren voller Werbeunterbrechungen, die insbesondere zu Zeiten des Wahlkampfes voll waren mit politischen Werbespots. Dort hat nicht nur die SPD oder CDU ihre typisch langweiligen Werbesendungen pr\u00e4sentiert, sondern auch &hellip; <a href=\"http:\/\/neuigkeitenportal.de\/?p=107\" class=\"more-link\"><span class=\"screen-reader-text\">Alternative f&uuml;r Deutschland noch nicht tot?<\/span> weiterlesen <span class=\"meta-nav\">&rarr;<\/span><\/a><\/p>\n","protected":false},"author":1,"featured_media":0,"comment_status":"closed","ping_status":"open","sticky":false,"template":"","format":"standard","meta":[],"categories":[1],"tags":[],"_links":{"self":[{"href":"http:\/\/neuigkeitenportal.de\/index.php?rest_route=\/wp\/v2\/posts\/107"}],"collection":[{"href":"http:\/\/neuigkeitenportal.de\/index.php?rest_route=\/wp\/v2\/posts"}],"about":[{"href":"http:\/\/neuigkeitenportal.de\/index.php?rest_route=\/wp\/v2\/types\/post"}],"author":[{"embeddable":true,"href":"http:\/\/neuigkeitenportal.de\/index.php?rest_route=\/wp\/v2\/users\/1"}],"replies":[{"embeddable":true,"href":"http:\/\/neuigkeitenportal.de\/index.php?rest_route=%2Fwp%2Fv2%2Fcomments&post=107"}],"version-history":[{"count":1,"href":"http:\/\/neuigkeitenportal.de\/index.php?rest_route=\/wp\/v2\/posts\/107\/revisions"}],"predecessor-version":[{"id":108,"href":"http:\/\/neuigkeitenportal.de\/index.php?rest_route=\/wp\/v2\/posts\/107\/revisions\/108"}],"wp:attachment":[{"href":"http:\/\/neuigkeitenportal.de\/index.php?rest_route=%2Fwp%2Fv2%2Fmedia&parent=107"}],"wp:term":[{"taxonomy":"category","embeddable":true,"href":"http:\/\/neuigkeitenportal.de\/index.php?rest_route=%2Fwp%2Fv2%2Fcategories&post=107"},{"taxonomy":"post_tag","embeddable":true,"href":"http:\/\/neuigkeitenportal.de\/index.php?rest_route=%2Fwp%2Fv2%2Ftags&post=107"}],"curies":[{"name":"wp","href":"https:\/\/api.w.org\/{rel}","templated":true}]}}